[{"@context":"https:\/\/schema.org\/","@type":"Article","@id":"https:\/\/www.fokusul.cz\/retez-proti-ledu\/#Article","mainEntityOfPage":"https:\/\/www.fokusul.cz\/retez-proti-ledu\/","headline":"\u0158et\u011bz proti ledu","name":"\u0158et\u011bz proti ledu","description":"Rozlou\u010den\u00ed s l\u00e9tem je v\u017edy trochu smutn\u00e9 http:\/\/www.blesk.cz\/clanek\/celebrity-ceske-celebrity\/420206\/smutne-priznani-jitky-smutne-teror-od-vlastniho-taty-opil-se-a.htmlobdob\u00ed. Slun\u00ed\u010dko u\u017e se n\u00e1m za\u010d\u00edn\u00e1 schov\u00e1vat a podzim je velmi \u010dasto de\u0161tiv\u00fd &hellip; <p class=\"link-more\"><a href=\"https:\/\/www.fokusul.cz\/retez-proti-ledu\/\" class=\"more-link\">P\u0159e\u010d\u00edst<span class=\"screen-reader-text\"> \"\u0158et\u011bz proti ledu\"<\/span><\/a><\/p>","datePublished":"2017-09-11","dateModified":"2023-06-01","author":{"@type":"Person","@id":"https:\/\/www.fokusul.cz\/author\/#Person","name":"","url":"https:\/\/www.fokusul.cz\/author\/","identifier":1,"image":{"@type":"ImageObject","@id":"https:\/\/secure.gravatar.com\/avatar\/4006af731f458a56e90e1a4ecbb37f08f11b51b80cb9267b6a6e5547922ff49d?s=96&d=mm&r=g","url":"https:\/\/secure.gravatar.com\/avatar\/4006af731f458a56e90e1a4ecbb37f08f11b51b80cb9267b6a6e5547922ff49d?s=96&d=mm&r=g","height":96,"width":96}},"publisher":{"@type":"Organization","name":"fokusul.cz","logo":{"@type":"ImageObject","@id":"\/logo.png","url":"\/logo.png","width":600,"height":60}},"image":{"@type":"ImageObject","@id":"https:\/\/www.fokusul.cz\/wp-content\/uploads\/img_a305496_w1693_t1516971445.jpg","url":"https:\/\/www.fokusul.cz\/wp-content\/uploads\/img_a305496_w1693_t1516971445.jpg","height":0,"width":0},"url":"https:\/\/www.fokusul.cz\/retez-proti-ledu\/","about":["Zbo\u017e\u00ed"],"wordCount":436,"articleBody":"  Rozlou\u010den\u00ed s l\u00e9tem je v\u017edy trochu smutn\u00e9  http:\/\/www.blesk.cz\/clanek\/celebrity-ceske-celebrity\/420206\/smutne-priznani-jitky-smutne-teror-od-vlastniho-taty-opil-se-a.htmlobdob\u00ed. Slun\u00ed\u010dko u\u017e se n\u00e1m za\u010d\u00edn\u00e1 schov\u00e1vat a podzim je velmi \u010dasto de\u0161tiv\u00fd a chladn\u00fd. V tomto smutn\u00e9m obdob\u00ed n\u00e1s \u010dek\u00e1 je\u0161t\u011b jedna povinnost, abychom si p\u0159\u00ed\u0161t\u00ed rok mohli u\u017e\u00edvat koup\u00e1n\u00ed co nejd\u0159\u00edve a to ve stejn\u011b kvalitn\u00ed vod\u011b, jako doposud.Je t\u0159eba p\u0159ipravit zahradn\u00ed baz\u00e9n na zimu P\u0159ipravit baz\u00e9n na zimn\u00ed m\u011bs\u00edce, kdy jej nebudete vyu\u017e\u00edvat, je ot\u00e1zkou jen n\u011bkolika okam\u017eik\u016f a se spr\u00e1vn\u00fdmi pomocn\u00edky to snadno zvl\u00e1dnete. Jakmile se posledn\u00edm testem p\u0159esv\u011bd\u010d\u00edte o tom, \u017ee se kvalita vody v baz\u00e9nu nijak nezhor\u0161ila, m\u016f\u017eete p\u0159istoupit k samotn\u00e9mu procesu zazimov\u00e1n\u00ed. Ne\u017e upust\u00edte vodu v n\u00e1dr\u017ei, odstra\u0148te z baz\u00e9nu v\u0161echno p\u0159\u00edslu\u0161enstv\u00ed, pe\u010dliv\u011b jej vy\u010dist\u011bte, osu\u0161te a ulo\u017ete. Upustit \u010d\u00e1st vody v n\u00e1dr\u017ei je opravdu nutn\u00e9 a vzhledem k prost\u0159edk\u016fm baz\u00e9nov\u00e9 chemie nen\u00ed vhodn\u00e9 takovou vodu pou\u017e\u00edt nap\u0159\u00edklad na zal\u00e9v\u00e1n\u00ed. Zb\u00fdvaj\u00edc\u00ed voda v n\u00e1dr\u017ei si zaslou\u017e\u00ed o\u0161et\u0159en\u00ed speci\u00e1ln\u00edm p\u0159\u00edpravkem, kter\u00fd se postar\u00e1 o zachov\u00e1n\u00ed kvality vody. Te\u010f m\u00e1te baz\u00e9n ochr\u00e1n\u011bn\u00fd p\u0159ed zimou, ale zat\u00edm jste jej neochr\u00e1nili p\u0159ed ledem. Zamrz\u00e1n\u00ed vodn\u00ed hladiny je pro st\u011bny baz\u00e9nu velmi nebezpe\u010dn\u00e9. Zakupte si dilata\u010dn\u00ed plov\u00e1ky do baz\u00e9nu a z nich vytvo\u0159te \u0159et\u011bz po \u00fahlop\u0159\u00ed\u010dce, nebo po \u0161\u00ed\u0159i baz\u00e9nu. T\u00edm jste vytvo\u0159ili dokonalou deforma\u010dn\u00ed z\u00f3nu a o po\u0161kozen\u00ed st\u011bn vlivem p\u016fsoben\u00ed ledu se ji\u017e nemus\u00edte b\u00e1t.P\u0159ikr\u00fdvka, kter\u00e1 vydr\u017e\u00ed Na zimu je t\u0159eba spr\u00e1vn\u011b p\u0159ipraven\u00fd baz\u00e9n je\u0161t\u011b p\u0159ikr\u00fdt plachtou. Rozhodn\u011b nevs\u00e1zejte na b\u011b\u017en\u00fd kus igelitu. Je t\u0159eba zakoupit zimn\u00ed plachtu, kter\u00e1 unese i sn\u011bhovou pokr\u00fdvku a nedojde tak k protr\u017een\u00ed a ke zne\u010dist\u011bn\u00ed vody v n\u00e1dr\u017ei. Zimn\u00ed plachtu upevn\u011bte velmi pe\u010dliv\u011b, aby odolala n\u00e1ro\u010dn\u00fdm pov\u011btrnostn\u00edm podm\u00ednk\u00e1m. V\u00e1\u0161 baz\u00e9n je nyn\u00ed perfektn\u011b p\u0159ipraven, aby p\u0159e\u010dkal dlouh\u00e9 m\u011bs\u00edce a vy se m\u016f\u017eete t\u011b\u0161it na to, \u017ee v\u00e1s p\u0159iv\u00edt\u00e1 ve v\u00fdborn\u00e9m stavu jak n\u00e1dr\u017e, tak kvalita vody.                                                                                                                                                                                                                                                                                                                                                                                          4.2\/5 - (6 votes)        "},{"@context":"https:\/\/schema.org\/","@type":"BreadcrumbList","itemListElement":[{"@type":"ListItem","position":1,"name":"\u0158et\u011bz proti ledu","item":"https:\/\/www.fokusul.cz\/retez-proti-ledu\/#breadcrumbitem"}]}]