[{"@context":"https:\/\/schema.org\/","@type":"Article","@id":"https:\/\/www.fokusul.cz\/prave-je-ta-nejvhodnejsi-doba-na-naplanovani-letni-dovolene\/#Article","mainEntityOfPage":"https:\/\/www.fokusul.cz\/prave-je-ta-nejvhodnejsi-doba-na-naplanovani-letni-dovolene\/","headline":"Pr\u00e1v\u011b je ta nejvhodn\u011bj\u0161\u00ed doba na napl\u00e1nov\u00e1n\u00ed letn\u00ed dovolen\u00e9","name":"Pr\u00e1v\u011b je ta nejvhodn\u011bj\u0161\u00ed doba na napl\u00e1nov\u00e1n\u00ed letn\u00ed dovolen\u00e9","description":"P\u0159esto\u017ee je nyn\u00ed venku zima http:\/\/sri-lanka.svetadily.cz\/lokality\/ a slunce rozhodn\u011b neh\u0159eje tak, \u017ee by se pod n\u00edm n\u011bkomu cht\u011blo po del\u0161\u00ed &hellip; <p class=\"link-more\"><a href=\"https:\/\/www.fokusul.cz\/prave-je-ta-nejvhodnejsi-doba-na-naplanovani-letni-dovolene\/\" class=\"more-link\">P\u0159e\u010d\u00edst<span class=\"screen-reader-text\"> \"Pr\u00e1v\u011b je ta nejvhodn\u011bj\u0161\u00ed doba na napl\u00e1nov\u00e1n\u00ed letn\u00ed dovolen\u00e9\"<\/span><\/a><\/p>","datePublished":"2017-11-12","dateModified":"2023-06-01","author":{"@type":"Person","@id":"https:\/\/www.fokusul.cz\/author\/#Person","name":"","url":"https:\/\/www.fokusul.cz\/author\/","identifier":1,"image":{"@type":"ImageObject","@id":"https:\/\/secure.gravatar.com\/avatar\/4006af731f458a56e90e1a4ecbb37f08f11b51b80cb9267b6a6e5547922ff49d?s=96&d=mm&r=g","url":"https:\/\/secure.gravatar.com\/avatar\/4006af731f458a56e90e1a4ecbb37f08f11b51b80cb9267b6a6e5547922ff49d?s=96&d=mm&r=g","height":96,"width":96}},"publisher":{"@type":"Organization","name":"fokusul.cz","logo":{"@type":"ImageObject","@id":"\/logo.png","url":"\/logo.png","width":600,"height":60}},"image":{"@type":"ImageObject","@id":"https:\/\/www.fokusul.cz\/wp-content\/uploads\/img_a303547_w2175_t1513886000.jpg","url":"https:\/\/www.fokusul.cz\/wp-content\/uploads\/img_a303547_w2175_t1513886000.jpg","height":0,"width":0},"url":"https:\/\/www.fokusul.cz\/prave-je-ta-nejvhodnejsi-doba-na-naplanovani-letni-dovolene\/","about":["\u017divotn\u00ed styl"],"wordCount":418,"articleBody":"P\u0159esto\u017ee je nyn\u00ed venku zima  http:\/\/sri-lanka.svetadily.cz\/lokality\/ a slunce rozhodn\u011b neh\u0159eje tak, \u017ee by se pod n\u00edm n\u011bkomu cht\u011blo po del\u0161\u00ed dobu pob\u00fdvat, tak je pr\u00e1v\u011b ten nejvhodn\u011bj\u0161\u00ed \u010das na to, p\u0159ipravit se na svou letn\u00ed dovolenou. A to se t\u00fdk\u00e1 jak t\u011bch, kte\u0159\u00ed pl\u00e1nuj\u00ed vyrazit s cestovn\u00ed kancel\u00e1\u0159\u00ed, tak t\u011bch, kte\u0159\u00ed budou za sluncem a za mo\u0159em pokra\u010dovat po vlastn\u00ed ose. A pr\u00e1v\u011b v tomto p\u0159\u00edpad\u011b je dobr\u00e9 pl\u00e1nov\u00e1n\u00ed o to d\u016fle\u017eit\u011bj\u0161\u00ed.&#13; Jist\u011b, je pravda, \u017ee vyrazit na dovolenou tak zvan\u011b na slepo, bez p\u0159edem nalinkovan\u00e9ho sc\u00e9n\u00e1\u0159e cestovn\u00ed kancel\u00e1\u0159e je dobrodru\u017en\u00e9 a sv\u00fdm zp\u016fsobem i trochu riskantn\u00ed, nicm\u00e9n\u011b je v tom tak\u00e9 velk\u00fd d\u00edl svobody, kter\u00fd by mnoh\u00fdm lidem u klasick\u00e9ho z\u00e1jezdu mohl chyb\u011bt.&#13; Nicm\u00e9n\u011b existuje zde je\u0161t\u011b jedna zlat\u00e1 st\u0159edn\u00ed cesta, kter\u00e1 je vhodn\u00e1 jak pro ty, kte\u0159\u00ed maj\u00ed r\u00e1di jistotu, tak i pro ty, kte\u0159\u00ed si cht\u011bj\u00ed u\u017e\u00edvat svobody a volnosti. A touto cestou je zaji\u0161t\u011bn\u00ed dopravy k mo\u0159i prost\u0159ednictv\u00edm spolehliv\u00fdch autobus\u016f od osv\u011bd\u010den\u00e9ho dopravce .&#13; V takov\u00e9m p\u0159\u00edpad\u011b m\u00e1te jistotu, \u017ee v dan\u00fd, p\u0159edem domluven\u00fd den nasednete do autobusu, kter\u00fd v\u00e1s odveze na jednu z v\u00fdstupn\u00edch stanic na obl\u00edben\u00e9m chorvatsk\u00e9m pob\u0159e\u017e\u00ed, co\u017e jsou v\u00edcem\u00e9n\u011b sam\u00e1 osv\u011bd\u010den\u00e1 v\u00fdletn\u00ed letoviska. A co v nich podniknete d\u00e1le, po v\u00fdstupu z autobusu, to u\u017e je jen na v\u00e1s. N\u011bkdo si jist\u011b p\u0159edem v dan\u00e9m letovisku zajist\u00ed ubytov\u00e1n\u00ed, n\u011bkdo jin\u00fd bude spol\u00e9hat na dostate\u010dnou ubytovac\u00ed kapacitu m\u00edstn\u00edch obyvatel, kte\u0159\u00ed nab\u00edzej\u00ed voln\u00e9 pokoje a apartm\u00e1ny, a n\u011bkdo jin\u00fd se t\u0159eba d\u00e1l vyd\u00e1 po sv\u00fdch na dobrodru\u017enou cestu pod\u00e9l pob\u0159e\u017e\u00ed a d\u00e1le do hor.&#13; T\u011bch mo\u017enost\u00ed je mnoho a z\u00e1le\u017e\u00ed jen na v\u00e1s, jak\u00fd typ dovolen\u00e9 preferujete. Co je v\u0161ak jist\u00e9 je to, \u017ee v\u00e1s to vyjde pom\u011brn\u011b levn\u011b, a \u017ee si svou dovolenou budete moci u\u0161\u00edt p\u0159esn\u011b na m\u00edru tak, jak ji m\u00e1te vy sami nejv\u00edce r\u00e1di. Tak\u017ee je jist\u00e9, \u017ee se bude jednat o z\u00e1\u017eitky, kter\u00e9 jen tak hned nezapomenete.                                                                                                                                                                                                                                                                                                                                                                                         4.2\/5 - (11 votes)        "},{"@context":"https:\/\/schema.org\/","@type":"BreadcrumbList","itemListElement":[{"@type":"ListItem","position":1,"name":"Pr\u00e1v\u011b je ta nejvhodn\u011bj\u0161\u00ed doba na napl\u00e1nov\u00e1n\u00ed letn\u00ed dovolen\u00e9","item":"https:\/\/www.fokusul.cz\/prave-je-ta-nejvhodnejsi-doba-na-naplanovani-letni-dovolene\/#breadcrumbitem"}]}]