[{"@context":"https:\/\/schema.org\/","@type":"Article","@id":"https:\/\/www.fokusul.cz\/a-proc-ne-tapety\/#Article","mainEntityOfPage":"https:\/\/www.fokusul.cz\/a-proc-ne-tapety\/","headline":"A pro\u010d ne tapety","name":"A pro\u010d ne tapety","description":"Tak\u00e9 to ur\u010dit\u011b zn\u00e1te. Stoj\u00edte uprost\u0159ed m\u00edstnosti, ruce zk\u0159\u00ed\u017een\u00e9 na prsou a zaduman\u011b se rozhl\u00ed\u017e\u00edte po m\u00edstnosti. O\u010di V\u00e1m bloud\u00ed &hellip; <p class=\"link-more\"><a href=\"https:\/\/www.fokusul.cz\/a-proc-ne-tapety\/\" class=\"more-link\">P\u0159e\u010d\u00edst<span class=\"screen-reader-text\"> \"A pro\u010d ne tapety\"<\/span><\/a><\/p>","datePublished":"2024-10-27","dateModified":"2024-10-27","author":{"@type":"Person","@id":"https:\/\/www.fokusul.cz\/author\/#Person","name":"","url":"https:\/\/www.fokusul.cz\/author\/","identifier":1,"image":{"@type":"ImageObject","@id":"https:\/\/secure.gravatar.com\/avatar\/4006af731f458a56e90e1a4ecbb37f08f11b51b80cb9267b6a6e5547922ff49d?s=96&d=mm&r=g","url":"https:\/\/secure.gravatar.com\/avatar\/4006af731f458a56e90e1a4ecbb37f08f11b51b80cb9267b6a6e5547922ff49d?s=96&d=mm&r=g","height":96,"width":96}},"publisher":{"@type":"Organization","name":"fokusul.cz","logo":{"@type":"ImageObject","@id":"\/logo.png","url":"\/logo.png","width":600,"height":60}},"url":"https:\/\/www.fokusul.cz\/a-proc-ne-tapety\/","wordCount":258,"articleBody":"\tTak\u00e9 to ur\u010dit\u011b zn\u00e1te. Stoj\u00edte uprost\u0159ed m\u00edstnosti, ruce zk\u0159\u00ed\u017een\u00e9 na prsou a zaduman\u011b se rozhl\u00ed\u017e\u00edte po m\u00edstnosti. O\u010di V\u00e1m bloud\u00ed po zdech a ob\u010das se po\u0161kr\u00e1bete na brad\u011b. Hlavou V\u00e1m pluj\u00ed my\u0161lenky, nebo sk\u00e1\u010dou o p\u0159ekot. M\u00e1te pocit lehk\u00e9 nervozity. Pomalu se ot\u00e1\u010d\u00edte kolem sv\u00e9 osy a st\u00e1le ten z\u00e1dum\u010div\u00fd pohled, kter\u00fd nazna\u010duje Va\u0161e usilovn\u00e9 p\u0159em\u00fd\u0161len\u00ed. Ano, ano, je t\u0159eba vymalovat. Pak usednete do k\u0159esla a V\u00e1\u0161 pohled st\u00e1le bloud\u00ed po st\u011bn\u00e1ch. Mus\u00edm \u0161kr\u00e1bat? Sta\u010d\u00ed vyb\u00edlit? Pozor, p\u0159ich\u00e1z\u00ed dal\u0161\u00ed my\u0161lenka. A co tapety?\tMus\u00edte se u\u017e rozhodnoutVa\u0161e uva\u017eov\u00e1n\u00ed nem\u00e1 konce. Chce to rozhodn\u011b zm\u011bnu. St\u011bny jsou u\u0161mudlan\u00e9. Kdy jste naposledy maloval? Dva, nebo u\u017e to bude t\u0159i roky? Stereotypn\u00ed pr\u00e1ce V\u00e1s ale neuspokojuje. Co kdybych se vr\u00e1til do dob sv\u00e9ho ml\u00e1d\u00ed, kdy jsem je\u0161t\u011b s\u00a0rodi\u010di, jako spr\u00e1vn\u00fd asistent pom\u00e1hal p\u0159i potahov\u00e1n\u00ed st\u011bn pap\u00edrem? Po\u0159\u00e1d jen dum\u00e1te. Jen abyste nedumal moc dlouho. Va\u0161e m\u00edstnost by u\u017e mohla b\u00fdt d\u00e1vno kr\u00e1sn\u011bj\u0161\u00ed. Tak se rozhodn\u011bte, nebo V\u00e1s man\u017eelka p\u0159ede\u017eene a bude V\u00e1s st\u00e1le uh\u00e1n\u011bt. Nemysl\u00edte, \u017ee malov\u00e1n\u00ed je pracn\u011bj\u0161\u00ed? Mysl\u00edm, \u017ee jste se pr\u00e1v\u011b rozhodl, vi\u010fte?                                                                                                                                                                                                                                                                                                                                                                                        4.2\/5 - (6 votes)        "},{"@context":"https:\/\/schema.org\/","@type":"BreadcrumbList","itemListElement":[{"@type":"ListItem","position":1,"name":"A pro\u010d ne tapety","item":"https:\/\/www.fokusul.cz\/a-proc-ne-tapety\/#breadcrumbitem"}]}]